{"id":7180,"date":"2018-03-08T00:00:00","date_gmt":"2018-03-08T03:00:00","guid":{"rendered":"https:\/\/www.altus.com.br\/blog\/uma-viagem-pelo-campo-automatizado\/"},"modified":"2024-10-01T13:54:54","modified_gmt":"2024-10-01T16:54:54","slug":"uma-viagem-pelo-campo-automatizado","status":"publish","type":"post","link":"https:\/\/www.altus.com.br\/en\/post\/114\/uma-viagem-pelo-campo-automatizado","title":{"rendered":"Uma viagem pelo campo automatizado"},"content":{"rendered":"<p>A alta representatividade do setor prim\u00e1rio na economia do Brasil faz com que o agroneg\u00f3cio seja dos mais importantes na vida de todos. Muitas vezes somos informados de dados sobre esse importante segmento, por\u00e9m, quando temos a oportunidade de sair dos grandes centros urbanos e rumamos ao interior do pa\u00eds via modal terrestre, podemos perceber, como testemunhas oculares, o impacto do agroneg\u00f3cio e todo o seu poder de movimento.<\/p>\n<p>No in\u00edcio de janeiro passado, quando, em f\u00e9rias, fiz o trajeto de Porto Alegre\/RS \u00e0 Foz do Igua\u00e7u\/PR de carro, pude perceber e me surpreender com a vastid\u00e3o de terras onde \u00e9 cultivada soja. Rumando para o noroeste do Rio Grande do Sul, passei pelo oeste de Santa Catarina e adentrei no tamb\u00e9m oeste do Paran\u00e1 para, ent\u00e3o, chegar em Foz do Igua\u00e7u. Durante este trajeto, passei por um oceano verde com a soja madura ou em fase final de amadurecimento (a colheita nos estados do Sul ocorre entre janeiro e maio).<\/p>\n<p>Al\u00e9m do produto em si, consegui perceber o movimento de trabalhadores e implementos agr\u00edcolas para colheita e transporte de gr\u00e3os. M\u00e1quinas trafegando, times de opera\u00e7\u00e3o e manuten\u00e7\u00e3o dos implementos, carretas e mais carretas se movimentando com fertilizantes, produtos e soja para todos os lados.<\/p>\n<p>Nesse momento, pude perceber que os armaz\u00e9ns das empresas que estocam e beneficiam este produto nunca ficam vazios, mesmo tendo dimens\u00f5es colossais. Tamb\u00e9m verifiquei o motivo de navios atracarem nos portos para carga de toneladas e mais toneladas de gr\u00e3os. Por fim, entendi como e porque as plantas de extra\u00e7\u00e3o de \u00f3leo de soja e produ\u00e7\u00e3o de biodiesel rodam sem parar dias e noites a fio.<\/p>\n<p>Analisando todo este cen\u00e1rio, chegando na parte de produ\u00e7\u00e3o industrial e fazendo a associa\u00e7\u00e3o com o mundo da automa\u00e7\u00e3o, fica l\u00f3gico perceber a necessidade de se ter confiabilidade, disponibilidade e seguran\u00e7a, pois as plantas de extra\u00e7\u00e3o de \u00f3leo de soja e produ\u00e7\u00e3o de biodiesel s\u00e3o \u00e1reas classificadas, nos sistemas de controle destas plantas de beneficiamento produtivo.<\/p>\n<p>Por tudo isso, fica claro o motivo pelo qual as ind\u00fastrias de beneficiamento do agroneg\u00f3cio est\u00e3o instalando sistemas redundantes de controle, com redes de comunica\u00e7\u00e3o de I\/O em anel \u00f3ptico redundante, conversores de frequ\u00eancias e soft starters em rede com protocolos de comunica\u00e7\u00e3o industrial abertos, bem como instrumenta\u00e7\u00e3o de campo com capacidade de comunica\u00e7\u00e3o interligados a dispositivos de I\/O anal\u00f3gicos com alta capacidade. Toda essa tecnologia entrega informa\u00e7\u00f5es quanto a integridade dos equipamentos de campo e apoia a gest\u00e3o dos ativos das unidades industriais.<\/p>\n<p>Por tudo exposto acima, saudemos o nosso setor prim\u00e1rio e sua incurs\u00e3o e precurs\u00e3o no mundo da tecnologia em automa\u00e7\u00e3o industrial.<\/p>\n<p><img decoding=\"async\" src=\"https:\/\/www.altus.com.br\/upload\/htmleditor\/mauricio-torres.png\" alt=\"Maur\u00edcio Torres, Projetista de Aplica\u00e7\u00e3o\" border=\"0\" align=\"left\" title=\"Maur\u00edcio Torres, Projetista de Aplica\u00e7\u00e3o\" style=\"padding-right: 20px;\"><\/p>\n<div>\n<p style=\"padding-top:10px; text-align:left\">\n<strong>About the author<\/strong><br \/>\n<br \/>Maur\u00edcio Torres iniciou sua trajet\u00f3ria na equipe de engenharia da Altus em 2002 e, desde ent\u00e3o, participou do desenvolvimento e implementa\u00e7\u00e3o de in\u00fameras aplica\u00e7\u00f5es por todo o pa\u00eds. Hoje, ocupa a posi\u00e7\u00e3o de Projetista de Aplica\u00e7\u00e3o, liderando projetos nos segmentos de \u00d3leo &#038; G\u00e1s, Energia El\u00e9trica e Agroind\u00fastria.<\/p>\n<p style=\"padding-top:10px; text-align:left\">\n<\/div>","protected":false},"excerpt":{"rendered":"<p>Na Perspectiva desta semana, Maur\u00edcio Torres, Projetista de Aplica\u00e7\u00e3o, fala sobre o diferencial da automa\u00e7\u00e3o para o mercado do agroneg\u00f3cio.<\/p>","protected":false},"author":5,"featured_media":7181,"comment_status":"closed","ping_status":"closed","sticky":false,"template":"","format":"standard","meta":{"footnotes":""},"categories":[66],"tags":[311,312,388],"class_list":["post-7180","post","type-post","status-publish","format-standard","has-post-thumbnail","hentry","category-perspectivas","tag-agroindustria","tag-agronegocio","tag-automacao-campo"],"acf":[],"_links":{"self":[{"href":"https:\/\/www.altus.com.br\/en\/wp-json\/wp\/v2\/posts\/7180","targetHints":{"allow":["GET"]}}],"collection":[{"href":"https:\/\/www.altus.com.br\/en\/wp-json\/wp\/v2\/posts"}],"about":[{"href":"https:\/\/www.altus.com.br\/en\/wp-json\/wp\/v2\/types\/post"}],"author":[{"embeddable":true,"href":"https:\/\/www.altus.com.br\/en\/wp-json\/wp\/v2\/users\/5"}],"replies":[{"embeddable":true,"href":"https:\/\/www.altus.com.br\/en\/wp-json\/wp\/v2\/comments?post=7180"}],"version-history":[{"count":1,"href":"https:\/\/www.altus.com.br\/en\/wp-json\/wp\/v2\/posts\/7180\/revisions"}],"predecessor-version":[{"id":8548,"href":"https:\/\/www.altus.com.br\/en\/wp-json\/wp\/v2\/posts\/7180\/revisions\/8548"}],"wp:featuredmedia":[{"embeddable":true,"href":"https:\/\/www.altus.com.br\/en\/wp-json\/wp\/v2\/media\/7181"}],"wp:attachment":[{"href":"https:\/\/www.altus.com.br\/en\/wp-json\/wp\/v2\/media?parent=7180"}],"wp:term":[{"taxonomy":"category","embeddable":true,"href":"https:\/\/www.altus.com.br\/en\/wp-json\/wp\/v2\/categories?post=7180"},{"taxonomy":"post_tag","embeddable":true,"href":"https:\/\/www.altus.com.br\/en\/wp-json\/wp\/v2\/tags?post=7180"}],"curies":[{"name":"wp","href":"https:\/\/api.w.org\/{rel}","templated":true}]}}