{"id":7296,"date":"2018-10-06T00:00:00","date_gmt":"2018-10-06T03:00:00","guid":{"rendered":"https:\/\/www.altus.com.br\/blog\/festa-e-sorrisos-na-casa-auxiliadora\/"},"modified":"2024-10-01T13:53:15","modified_gmt":"2024-10-01T16:53:15","slug":"festa-e-sorrisos-na-casa-auxiliadora","status":"publish","type":"post","link":"https:\/\/www.altus.com.br\/en\/post\/190\/festa-e-sorrisos-na-casa-auxiliadora","title":{"rendered":"Festa e sorrisos na Casa Auxiliadora"},"content":{"rendered":"<p>Pessoas felizes, este \u00e9 um dos valores mais difundidos e trabalhados na Altus. Na \u00faltima sexta-feira (5), pudemos estender este belo sentimento para um grupo especial de crian\u00e7as de S\u00e3o Leopoldo\/RS. Organizada pelo Entre Amigos, grupo de Assist\u00eancia Social formado por colaboradores dispostos a doar um pouco do seu tempo e talento a entidades de cunho assistencial, a festa de Dia das Crian\u00e7as da Casa Auxiliadora levou carinho, aten\u00e7\u00e3o e muitos sorrisos \u00e0s crian\u00e7as e adolescentes que participam dos projetos da organiza\u00e7\u00e3o.<\/p>\n<p>Confira os jogos, brincadeiras e toda a alegria que compartilhamos linda tarde de primavera!<\/p>\n<p><img decoding=\"async\" src=\"https:\/\/www.altus.com.br\/upload\/htmleditor\/esse_dsc_1855.jpg\" alt=\"Dia das Crian\u00e7as Casa Auxiliadora\" title=\"Dia das Crian\u00e7as Casa Auxiliadora\" style=\"width: 411.906px;\"><\/p>\n<p><img decoding=\"async\" src=\"https:\/\/www.altus.com.br\/upload\/htmleditor\/esse_dsc_1731.jpg\" style=\"width: 50%;\" alt=\"Dia das Crian\u00e7as Casa Auxiliadora\" title=\"Dia das Crian\u00e7as Casa Auxiliadora\"><\/p>\n<p><img decoding=\"async\" src=\"https:\/\/www.altus.com.br\/upload\/htmleditor\/esse_dsc_1742.jpg\" style=\"width: 50%;\" alt=\"Dia das Crian\u00e7as Casa Auxiliadora\" title=\"Dia das Crian\u00e7as Casa Auxiliadora\"><\/p>\n<p><img decoding=\"async\" src=\"https:\/\/www.altus.com.br\/upload\/htmleditor\/esse_dsc_1758.jpg\" style=\"width: 50%;\" alt=\"Dia das Crian\u00e7as Casa Auxiliadora\" title=\"Dia das Crian\u00e7as Casa Auxiliadora\"><\/p>\n<p><img decoding=\"async\" src=\"https:\/\/www.altus.com.br\/upload\/htmleditor\/esse_dsc_1779.jpg\" style=\"width: 50%;\" alt=\"Dia das Crian\u00e7as Casa Auxiliadora\" title=\"Dia das Crian\u00e7as Casa Auxiliadora\"><\/p>\n<p><img decoding=\"async\" src=\"https:\/\/www.altus.com.br\/upload\/htmleditor\/esse_dsc_1789.jpg\" style=\"width: 50%;\" alt=\"Dia das Crian\u00e7as Casa Auxiliadora\" title=\"Dia das Crian\u00e7as Casa Auxiliadora\"><\/p>\n<p><\/p>","protected":false},"excerpt":{"rendered":"<p>Confira como foi a festa e dia das crian\u00e7as que a Altus organizou para as Crian\u00e7as da Casa Auxiliadora de S\u00e3o Leopoldo\/RS.<\/p>","protected":false},"author":5,"featured_media":7297,"comment_status":"closed","ping_status":"closed","sticky":false,"template":"","format":"standard","meta":{"footnotes":""},"categories":[65],"tags":[553,552,554],"class_list":["post-7296","post","type-post","status-publish","format-standard","has-post-thumbnail","hentry","category-institucional","tag-assistencialismo","tag-dia-das-criancas","tag-divida-social"],"acf":[],"_links":{"self":[{"href":"https:\/\/www.altus.com.br\/en\/wp-json\/wp\/v2\/posts\/7296","targetHints":{"allow":["GET"]}}],"collection":[{"href":"https:\/\/www.altus.com.br\/en\/wp-json\/wp\/v2\/posts"}],"about":[{"href":"https:\/\/www.altus.com.br\/en\/wp-json\/wp\/v2\/types\/post"}],"author":[{"embeddable":true,"href":"https:\/\/www.altus.com.br\/en\/wp-json\/wp\/v2\/users\/5"}],"replies":[{"embeddable":true,"href":"https:\/\/www.altus.com.br\/en\/wp-json\/wp\/v2\/comments?post=7296"}],"version-history":[{"count":1,"href":"https:\/\/www.altus.com.br\/en\/wp-json\/wp\/v2\/posts\/7296\/revisions"}],"predecessor-version":[{"id":8552,"href":"https:\/\/www.altus.com.br\/en\/wp-json\/wp\/v2\/posts\/7296\/revisions\/8552"}],"wp:featuredmedia":[{"embeddable":true,"href":"https:\/\/www.altus.com.br\/en\/wp-json\/wp\/v2\/media\/7297"}],"wp:attachment":[{"href":"https:\/\/www.altus.com.br\/en\/wp-json\/wp\/v2\/media?parent=7296"}],"wp:term":[{"taxonomy":"category","embeddable":true,"href":"https:\/\/www.altus.com.br\/en\/wp-json\/wp\/v2\/categories?post=7296"},{"taxonomy":"post_tag","embeddable":true,"href":"https:\/\/www.altus.com.br\/en\/wp-json\/wp\/v2\/tags?post=7296"}],"curies":[{"name":"wp","href":"https:\/\/api.w.org\/{rel}","templated":true}]}}