{"id":7368,"date":"2019-03-26T12:29:54","date_gmt":"2019-03-26T15:29:54","guid":{"rendered":"https:\/\/www.altus.com.br\/?p=7368"},"modified":"2024-09-20T10:04:44","modified_gmt":"2024-09-20T13:04:44","slug":"especialista-da-altus-fala-sobre-industria-4-0-para-alunos-da-unisanta-e-univap","status":"publish","type":"post","link":"https:\/\/www.altus.com.br\/en\/post\/244\/especialista-da-altus-fala-sobre-industria-4-0-para-alunos-da-unisanta-e-univap","title":{"rendered":"Especialista da Altus fala sobre Ind\u00fastria 4.0 para alunos da Unisanta e Univap"},"content":{"rendered":"<p>Na \u00faltima semana, nosso Especialista em Produtos, Jones Clemente, foi at\u00e9 a cidade de Santos\/SP para conduzir um bate-papo sobre a quarta revolu\u00e7\u00e3o industrial com alunos dos cursos de engenharia da <b><a href=\"https:\/\/www.unisanta.br\" target=\"_blank\" rel=\"noopener nofollow\">Unisanta \u2013 Universidade de Santa Cec\u00edlia<\/a><\/b>. Durante a conversa, ele falou sobre a hist\u00f3ria da ind\u00fastria, conceitos de automa\u00e7\u00e3o e o perfil dos profissionais do futuro. Na oportunidade, tamb\u00e9m pode apresentar um pequeno resumo do hist\u00f3rico de projetos da Altus e falar sobre como alguns de nossos produtos, como o CLP Nexto Xpress, podem auxiliar na transi\u00e7\u00e3o tecnol\u00f3gica para a Ind\u00fastria 4.0.<\/p>\n<p>Na semana anterior a esse encontro, nosso colaborador tamb\u00e9m conduziu uma palestra sobre o tema na <a href=\"http:\/\/www.univap.br\" target=\"_blank\" rel=\"noopener nofollow\"><b>Univap \u2013 Universidade do Vale do Para\u00edba<\/b><\/a>, em S\u00e3o Jos\u00e9 dos Campos\/SP.<\/p>\n<p><img decoding=\"async\" src=\"https:\/\/www.altus.com.br\/upload\/htmleditor\/unisanta.jpg\" style=\"width: 824px;\" alt=\"Palestra Unisanta\" title=\"Palestra Unisanta\"><\/p>","protected":false},"excerpt":{"rendered":"<p>Nosso especialista em produtos, Jones Clemente Camilo, conduz bate-papo sobre a quarta revolu\u00e7\u00e3o industrial com alunos dos cursos de engenharia.<\/p>","protected":false},"author":5,"featured_media":7369,"comment_status":"closed","ping_status":"closed","sticky":false,"template":"","format":"standard","meta":{"footnotes":""},"categories":[65],"tags":[605],"class_list":["post-7368","post","type-post","status-publish","format-standard","has-post-thumbnail","hentry","category-institucional","tag-palestra-em-escola"],"acf":[],"_links":{"self":[{"href":"https:\/\/www.altus.com.br\/en\/wp-json\/wp\/v2\/posts\/7368","targetHints":{"allow":["GET"]}}],"collection":[{"href":"https:\/\/www.altus.com.br\/en\/wp-json\/wp\/v2\/posts"}],"about":[{"href":"https:\/\/www.altus.com.br\/en\/wp-json\/wp\/v2\/types\/post"}],"author":[{"embeddable":true,"href":"https:\/\/www.altus.com.br\/en\/wp-json\/wp\/v2\/users\/5"}],"replies":[{"embeddable":true,"href":"https:\/\/www.altus.com.br\/en\/wp-json\/wp\/v2\/comments?post=7368"}],"version-history":[{"count":1,"href":"https:\/\/www.altus.com.br\/en\/wp-json\/wp\/v2\/posts\/7368\/revisions"}],"predecessor-version":[{"id":8144,"href":"https:\/\/www.altus.com.br\/en\/wp-json\/wp\/v2\/posts\/7368\/revisions\/8144"}],"wp:featuredmedia":[{"embeddable":true,"href":"https:\/\/www.altus.com.br\/en\/wp-json\/wp\/v2\/media\/7369"}],"wp:attachment":[{"href":"https:\/\/www.altus.com.br\/en\/wp-json\/wp\/v2\/media?parent=7368"}],"wp:term":[{"taxonomy":"category","embeddable":true,"href":"https:\/\/www.altus.com.br\/en\/wp-json\/wp\/v2\/categories?post=7368"},{"taxonomy":"post_tag","embeddable":true,"href":"https:\/\/www.altus.com.br\/en\/wp-json\/wp\/v2\/tags?post=7368"}],"curies":[{"name":"wp","href":"https:\/\/api.w.org\/{rel}","templated":true}]}}