{"id":7988,"date":"2024-03-25T12:38:17","date_gmt":"2024-03-25T15:38:17","guid":{"rendered":"https:\/\/www.altus.com.br\/?p=7988"},"modified":"2024-09-20T10:03:32","modified_gmt":"2024-09-20T13:03:32","slug":"altus-talks-novo-evento-de-automacao-industrial-chegando","status":"publish","type":"post","link":"https:\/\/www.altus.com.br\/en\/post\/7988\/altus-talks-novo-evento-de-automacao-industrial-chegando","title":{"rendered":"Aumente a produtividade de sua ind\u00fastria com monitoramento remoto"},"content":{"rendered":"<p dir=\"ltr\" style=\"line-height:1.38;background-color:#ffffff;margin-top:0pt;margin-bottom:0pt;padding:0pt 0pt 8pt 0pt;\"><span style=\"font-size:12pt;font-family:Montserrat,sans-serif;color:#0d0d0d;background-color:transparent;font-weight:400;font-style:normal;font-variant:normal;text-decoration:none;vertical-align:baseline;white-space:pre;white-space:pre-wrap;\">Voc\u00ea est\u00e1 aproveitando ao m\u00e1ximo o desempenho das suas m\u00e1quinas? Ter acesso r\u00e1pido e seguro \u00e0s informa\u00e7\u00f5es dos seus equipamentos \u00e9 essencial para gestores e t\u00e9cnicos de automa\u00e7\u00e3o industrial. O monitoramento remoto \u00e9 uma ferramenta chave para impulsionar a efici\u00eancia e a produtividade nos neg\u00f3cios.\u00a0<\/span><\/p>\n<p dir=\"ltr\" style=\"line-height:1.38;background-color:#ffffff;margin-top:0pt;margin-bottom:0pt;padding:0pt 0pt 8pt 0pt;\"><span style=\"font-size:12pt;font-family:Montserrat,sans-serif;color:#0d0d0d;background-color:transparent;font-weight:400;font-style:normal;font-variant:normal;text-decoration:none;vertical-align:baseline;white-space:pre;white-space:pre-wrap;\">The <\/span><span style=\"font-size: 12pt; font-family: Montserrat, sans-serif; color: rgb(13, 13, 13); background-color: transparent; font-style: normal; font-variant: normal; text-decoration: none; vertical-align: baseline; white-space: pre-wrap;\">Instituto Atlas Intel<\/span><span style=\"font-size:12pt;font-family:Montserrat,sans-serif;color:#0d0d0d;background-color:transparent;font-weight:400;font-style:normal;font-variant:normal;text-decoration:none;vertical-align:baseline;white-space:pre;white-space:pre-wrap;\"> revelou na pesquisa <\/span><span style=\"font-size: 12pt; font-family: Montserrat, sans-serif; color: rgb(13, 13, 13); background-color: transparent; font-style: normal; font-variant: normal; text-decoration: none; vertical-align: baseline; white-space: pre-wrap;\"><a href=\"https:\/\/www.cnnbrasil.com.br\/tecnologia\/tecnologia-pode-aumentar-produtividade-na-industria-em-ate-58-revela-estudo\/\" target=\"_blank\" style=\"\" rel=\"noopener nofollow\">Ranking Nacional da Ind\u00fastria 4.0<\/a><\/span><span style=\"font-size:12pt;font-family:Montserrat,sans-serif;color:#0d0d0d;background-color:transparent;font-weight:400;font-style:normal;font-variant:normal;text-decoration:none;vertical-align:baseline;white-space:pre;white-space:pre-wrap;\"> que a introdu\u00e7\u00e3o de tecnologias avan\u00e7adas pode <\/span><span style=\"font-size: 12pt; font-family: Montserrat, sans-serif; color: rgb(13, 13, 13); background-color: transparent; font-style: normal; font-variant: normal; text-decoration: none; vertical-align: baseline; white-space: pre-wrap;\">aumentar a <b>produtividade industrial <\/b>em<b> 38%<\/b><\/span><span style=\"font-size:12pt;font-family:Montserrat,sans-serif;color:#0d0d0d;background-color:transparent;font-weight:400;font-style:normal;font-variant:normal;text-decoration:none;vertical-align:baseline;white-space:pre;white-space:pre-wrap;\">. Contudo, <\/span><span style=\"font-size: 12pt; font-family: Montserrat, sans-serif; color: rgb(13, 13, 13); background-color: transparent; font-style: normal; font-variant: normal; text-decoration: none; vertical-align: baseline; white-space: pre-wrap;\"><b>28,4% <\/b>dos entrevistados citam a <b>falta de conhecimento<\/b><\/span><span style=\"font-size: 12pt; font-family: Montserrat, sans-serif; color: rgb(13, 13, 13); background-color: transparent; font-style: normal; font-variant: normal; text-decoration: none; vertical-align: baseline; white-space: pre-wrap;\"> t<\/span><span style=\"font-size:12pt;font-family:Montserrat,sans-serif;color:#0d0d0d;background-color:transparent;font-weight:400;font-style:normal;font-variant:normal;text-decoration:none;vertical-align:baseline;white-space:pre;white-space:pre-wrap;\">\u00e9cnico como uma barreira significativa. <\/span><\/p>\n<p dir=\"ltr\" style=\"line-height:1.38;background-color:#ffffff;margin-top:0pt;margin-bottom:0pt;padding:0pt 0pt 8pt 0pt;\"><span style=\"font-size:12pt;font-family:Montserrat,sans-serif;color:#0d0d0d;background-color:transparent;font-weight:400;font-style:normal;font-variant:normal;text-decoration:none;vertical-align:baseline;white-space:pre;white-space:pre-wrap;\"><br \/><\/span><span style=\"font-size:12pt;font-family:Montserrat,sans-serif;color:#0d0d0d;background-color:transparent;font-weight:700;font-style:normal;font-variant:normal;text-decoration:none;vertical-align:baseline;white-space:pre;white-space:pre-wrap;\">O evento<\/span><\/p>\n<p dir=\"ltr\" style=\"line-height:1.38;background-color:#ffffff;margin-top:0pt;margin-bottom:0pt;padding:0pt 0pt 8pt 0pt;\"><span style=\"font-size:12pt;font-family:Montserrat,sans-serif;color:#0d0d0d;background-color:transparent;font-weight:400;font-style:normal;font-variant:normal;text-decoration:none;vertical-align:baseline;white-space:pre;white-space:pre-wrap;\">Para superar esse desafio, a <\/span><span style=\"font-size: 12pt; font-family: Montserrat, sans-serif; color: rgb(13, 13, 13); background-color: transparent; font-style: normal; font-variant: normal; text-decoration: none; vertical-align: baseline; white-space: pre-wrap;\">Altus<\/span><span style=\"font-weight: bold; font-size: 12pt; font-family: Montserrat, sans-serif; color: rgb(13, 13, 13); background-color: transparent; font-style: normal; font-variant: normal; text-decoration: none; vertical-align: baseline; white-space: pre-wrap;\"> <\/span><span style=\"font-size:12pt;font-family:Montserrat,sans-serif;color:#0d0d0d;background-color:transparent;font-weight:400;font-style:normal;font-variant:normal;text-decoration:none;vertical-align:baseline;white-space:pre;white-space:pre-wrap;\">promove o <\/span><span style=\"font-size:12pt;font-family:Montserrat,sans-serif;color:#0d0d0d;background-color:transparent;font-weight:700;font-style:normal;font-variant:normal;text-decoration:none;vertical-align:baseline;white-space:pre;white-space:pre-wrap;\">Altus Talks<\/span><span style=\"font-size:12pt;font-family:Montserrat,sans-serif;color:#0d0d0d;background-color:transparent;font-weight:400;font-style:normal;font-variant:normal;text-decoration:none;vertical-align:baseline;white-space:pre;white-space:pre-wrap;\">, um <\/span><span style=\"font-size:12pt;font-family:Montserrat,sans-serif;color:#0d0d0d;background-color:transparent;font-weight:700;font-style:normal;font-variant:normal;text-decoration:none;vertical-align:baseline;white-space:pre;white-space:pre-wrap;\">evento gratuito e presencial<\/span><span style=\"font-size:12pt;font-family:Montserrat,sans-serif;color:#0d0d0d;background-color:transparent;font-weight:400;font-style:normal;font-variant:normal;text-decoration:none;vertical-align:baseline;white-space:pre;white-space:pre-wrap;\">, criado para facilitar o entendimento sobre a implementa\u00e7\u00e3o efetiva do monitoramento remoto. O evento serve como uma plataforma para demonstrar, por meio de estudos de caso concretos, as maneiras de aprimorar as opera\u00e7\u00f5es nas ind\u00fastrias brasileiras, atendendo<\/span><span style=\"font-size:12pt;font-family:Montserrat,sans-serif;color:#0d0d0d;background-color:transparent;font-weight:700;font-style:normal;font-variant:normal;text-decoration:none;vertical-align:baseline;white-space:pre;white-space:pre-wrap;\"> neg\u00f3cios do pequeno ao grande porte<\/span><span style=\"font-size:12pt;font-family:Montserrat,sans-serif;color:#0d0d0d;background-color:transparent;font-weight:400;font-style:normal;font-variant:normal;text-decoration:none;vertical-align:baseline;white-space:pre;white-space:pre-wrap;\">.<\/span><\/p>\n<p dir=\"ltr\" style=\"line-height:1.38;background-color:#ffffff;margin-top:0pt;margin-bottom:0pt;padding:0pt 0pt 8pt 0pt;\"><span style=\"font-size:12pt;font-family:Montserrat,sans-serif;color:#0d0d0d;background-color:transparent;font-weight:400;font-style:normal;font-variant:normal;text-decoration:none;vertical-align:baseline;white-space:pre;white-space:pre-wrap;\">Especialistas em automa\u00e7\u00e3o, com vasta experi\u00eancia em v\u00e1rios setores industriais, v\u00e3o liderar encontros por todo o Brasil, focando em \u201c<\/span><span style=\"font-size:12pt;font-family:Montserrat,sans-serif;color:#0d0d0d;background-color:transparent;font-weight:700;font-style:normal;font-variant:normal;text-decoration:none;vertical-align:baseline;white-space:pre;white-space:pre-wrap;\">Monitoramento Remoto Seguro na Ind\u00fastria<\/span><span style=\"font-size:12pt;font-family:Montserrat,sans-serif;color:#0d0d0d;background-color:transparent;font-weight:400;font-style:normal;font-variant:normal;text-decoration:none;vertical-align:baseline;white-space:pre;white-space:pre-wrap;\">\u201d. Eles compartilhar\u00e3o insights valiosos, usando <\/span><span style=\"font-size: 12pt; font-family: Montserrat, sans-serif; color: rgb(13, 13, 13); background-color: transparent; font-style: normal; font-variant: normal; text-decoration: none; vertical-align: baseline; white-space: pre-wrap;\">exemplos pr\u00e1ticos<\/span><span style=\"font-size: 12pt; font-family: Montserrat, sans-serif; color: rgb(13, 13, 13); background-color: transparent; font-style: normal; font-variant: normal; text-decoration: none; vertical-align: baseline; white-space: pre-wrap;\"> <\/span><span style=\"font-size:12pt;font-family:Montserrat,sans-serif;color:#0d0d0d;background-color:transparent;font-weight:400;font-style:normal;font-variant:normal;text-decoration:none;vertical-align:baseline;white-space:pre;white-space:pre-wrap;\">para mostrar que o avan\u00e7o tecnol\u00f3gico est\u00e1 ao alcance de todas as empresas, independentemente de sua complexidade.\u00a0<\/span><\/p>\n<p dir=\"ltr\" style=\"line-height:1.38;background-color:#ffffff;margin-top:0pt;margin-bottom:0pt;padding:0pt 0pt 8pt 0pt;\"><span style=\"font-size:12pt;font-family:Montserrat,sans-serif;color:#0d0d0d;background-color:transparent;font-weight:400;font-style:normal;font-variant:normal;text-decoration:none;vertical-align:baseline;white-space:pre;white-space:pre-wrap;\">O tour come\u00e7ar\u00e1 em S\u00e3o Paulo, com as primeiras sess\u00f5es previstas para <\/span><span style=\"font-size:12pt;font-family:Montserrat,sans-serif;color:#0d0d0d;background-color:transparent;font-weight:700;font-style:normal;font-variant:normal;text-decoration:none;vertical-align:baseline;white-space:pre;white-space:pre-wrap;\">09 de abril<\/span><span style=\"font-size:12pt;font-family:Montserrat,sans-serif;color:#0d0d0d;background-color:transparent;font-weight:400;font-style:normal;font-variant:normal;text-decoration:none;vertical-align:baseline;white-space:pre;white-space:pre-wrap;\"> no <a href=\"https:\/\/sp.senai.br\/unidade\/campinas\" target=\"_blank\" rel=\"noopener nofollow\">Senai \u201cRoberto Mange<\/a>\u201d, em Campinas, e em <\/span><span style=\"font-size:12pt;font-family:Montserrat,sans-serif;color:#0d0d0d;background-color:transparent;font-weight:700;font-style:normal;font-variant:normal;text-decoration:none;vertical-align:baseline;white-space:pre;white-space:pre-wrap;\">16 de abril<\/span><span style=\"font-size:12pt;font-family:Montserrat,sans-serif;color:#0d0d0d;background-color:transparent;font-weight:400;font-style:normal;font-variant:normal;text-decoration:none;vertical-align:baseline;white-space:pre;white-space:pre-wrap;\"> no Senai S\u00e3o Caetano do Sul. Se seu objetivo \u00e9 impulsionar a produtividade da sua empresa, o Altus Talks \u00e9 um evento imperd\u00edvel para voc\u00ea. <\/span><span style=\"font-size:12pt;font-family:Montserrat,sans-serif;color:#0d0d0d;background-color:transparent;font-weight:400;font-style:normal;font-variant:normal;text-decoration:none;vertical-align:baseline;white-space:pre;white-space:pre-wrap;\"><\/p>\n<p><\/span><\/p>\n<p dir=\"ltr\" style=\"line-height:1.38;background-color:#ffffff;margin-top:0pt;margin-bottom:0pt;padding:0pt 0pt 8pt 0pt;\"><span style=\"font-size:12pt;font-family:Montserrat,sans-serif;color:#0d0d0d;background-color:transparent;font-weight:700;font-style:normal;font-variant:normal;text-decoration:none;vertical-align:baseline;white-space:pre;white-space:pre-wrap;\">Benefits<\/span><\/p>\n<p dir=\"ltr\" style=\"line-height:1.38;background-color:#ffffff;margin-top:0pt;margin-bottom:0pt;padding:0pt 0pt 8pt 0pt;\"><span style=\"font-size:12pt;font-family:Montserrat,sans-serif;color:#0d0d0d;background-color:transparent;font-weight:400;font-style:normal;font-variant:normal;text-decoration:none;vertical-align:baseline;white-space:pre;white-space:pre-wrap;\">Ao participar do <\/span><span style=\"font-size:12pt;font-family:Montserrat,sans-serif;color:#0d0d0d;background-color:transparent;font-weight:700;font-style:normal;font-variant:normal;text-decoration:none;vertical-align:baseline;white-space:pre;white-space:pre-wrap;\">Altus Talks<\/span><span style=\"font-size:12pt;font-family:Montserrat,sans-serif;color:#0d0d0d;background-color:transparent;font-weight:400;font-style:normal;font-variant:normal;text-decoration:none;vertical-align:baseline;white-space:pre;white-space:pre-wrap;\">, voc\u00ea ganhar\u00e1 insights sobre as principais tend\u00eancias do mercado brasileiro, demonstra\u00e7\u00f5es pr\u00e1ticas dos nossos produtos, oportunidades de networking valiosas, al\u00e9m de participar do sorteio de um de nossos principais CLPs, o<a href=\"https:\/\/www.altus.com.br\/en\/produto\/44\/clp-nexto-xpress\/\" target=\"_blank\" rel=\"noopener\"> <\/a><\/span><span style=\"font-size: 12pt; font-family: Montserrat, sans-serif; color: rgb(13, 13, 13); background-color: transparent; font-style: normal; font-variant: normal; text-decoration: none; vertical-align: baseline; white-space: pre-wrap;\"><a href=\"https:\/\/www.altus.com.br\/en\/produto\/44\/clp-nexto-xpress\/\" target=\"_blank\" style=\"\" rel=\"noopener\">XP340<\/a><\/span><span style=\"font-size:12pt;font-family:Montserrat,sans-serif;color:#0d0d0d;background-color:transparent;font-weight:400;font-style:normal;font-variant:normal;text-decoration:none;vertical-align:baseline;white-space:pre;white-space:pre-wrap;\">.\u00a0<\/span><\/p>\n<p dir=\"ltr\" style=\"line-height:1.38;background-color:#ffffff;margin-top:0pt;margin-bottom:8pt;\"><span style=\"font-size:12pt;font-family:Montserrat,sans-serif;color:#0d0d0d;background-color:transparent;font-weight:400;font-style:normal;font-variant:normal;text-decoration:none;vertical-align:baseline;white-space:pre;white-space:pre-wrap;\"> <\/span><span style=\"font-size:12pt;font-family:Montserrat,sans-serif;color:#0d0d0d;background-color:transparent;font-weight:400;font-style:normal;font-variant:normal;text-decoration:none;vertical-align:baseline;white-space:pre;white-space:pre-wrap;\"><br \/><\/span><span style=\"font-size:12pt;font-family:Montserrat,sans-serif;color:#0d0d0d;background-color:transparent;font-weight:700;font-style:normal;font-variant:normal;text-decoration:none;vertical-align:baseline;white-space:pre;white-space:pre-wrap;\">Marque na agenda:<\/span><\/p>\n<ul>\n<li style=\"line-height: 1.38; background-color: rgb(255, 255, 255); margin-top: 0pt; margin-bottom: 8pt;\"><b style=\"font-size: 16px; white-space-collapse: preserve; color: rgb(13, 13, 13); font-family: Montserrat, sans-serif; background-color: transparent;\">Vis\u00e3o Geral do Evento: <\/b><span style=\"font-size: 16px; white-space-collapse: preserve; color: rgb(13, 13, 13); font-family: Montserrat, sans-serif; background-color: transparent;\">Altus Talks, um evento presencial gratuito, que vai rodar o Brasil, com especialistas da ind\u00fastria discutindo a implementa\u00e7\u00e3o segura de sistemas de monitoramento remoto. <\/span><\/li>\n<li style=\"line-height: 1.38; background-color: rgb(255, 255, 255); margin-top: 0pt; margin-bottom: 8pt;\"><b style=\"font-size: 16px; white-space-collapse: preserve; color: rgb(13, 13, 13); font-family: Montserrat, sans-serif; background-color: transparent;\">P\u00fablico-Alvo: <\/b><span style=\"font-size: 16px; white-space-collapse: preserve; color: rgb(13, 13, 13); font-family: Montserrat, sans-serif; background-color: transparent;\">Nossas sess\u00f5es s\u00e3o voltadas para gestores e t\u00e9cnicos em automa\u00e7\u00e3o industrial de empresas de todos os tamanhos. <\/span><\/li>\n<li style=\"line-height: 1.38; background-color: rgb(255, 255, 255); margin-top: 0pt; margin-bottom: 8pt;\"><b style=\"font-size: 16px; white-space-collapse: preserve; color: rgb(13, 13, 13); font-family: Montserrat, sans-serif; background-color: transparent;\">Networking e Demonstra\u00e7\u00f5es: <\/b><span style=\"font-size: 16px; white-space-collapse: preserve; color: rgb(13, 13, 13); font-family: Montserrat, sans-serif; background-color: transparent;\">Interaja com as \u00faltimas tecnologias, beneficie-se de networking valioso e concorra ao nosso CLP de ponta, o XP340.<\/span><\/li>\n<li style=\"line-height: 1.38; background-color: rgb(255, 255, 255); margin-top: 0pt; margin-bottom: 8pt;\"><b style=\"font-size: 16px; white-space-collapse: preserve; color: rgb(13, 13, 13); font-family: Montserrat, sans-serif; background-color: transparent;\">Primeira Parada: <\/b><span style=\"font-size: 16px; white-space-collapse: preserve; color: rgb(13, 13, 13); font-family: Montserrat, sans-serif; background-color: transparent;\">S\u00e3o Paulo \u2013 Come\u00e7ando pelo Senai \u201cRoberto Mange\u201d em Campinas em 9 de abril, seguido pelo Senai S\u00e3o Caetano do Sul em 16 de abril. <\/span><\/li>\n<li style=\"line-height: 1.38; background-color: rgb(255, 255, 255); margin-top: 0pt; margin-bottom: 8pt;\"><b style=\"font-size: 16px; white-space-collapse: preserve; color: rgb(13, 13, 13); font-family: Montserrat, sans-serif; background-color: transparent;\">Por que participar? <\/b><span style=\"font-size: 16px; white-space-collapse: preserve; color: rgb(13, 13, 13); font-family: Montserrat, sans-serif; background-color: transparent;\">Eleve a efici\u00eancia e a produtividade da sua empresa e abrace o futuro da automa\u00e7\u00e3o. <\/span><\/li>\n<\/ul>\n<p dir=\"ltr\" style=\"line-height:1.38;background-color:#ffffff;margin-top:0pt;margin-bottom:8pt;\"><span style=\"background-color: transparent; color: rgb(13, 13, 13); font-family: Montserrat, sans-serif; font-size: 12pt; white-space-collapse: preserve;\">\u00a0<\/span><\/p>\n<p dir=\"ltr\" style=\"line-height:1.38;background-color:#ffffff;margin-top:0pt;margin-bottom:0pt;padding:0pt 0pt 8pt 0pt;\"><span style=\"font-size:12pt;font-family:Montserrat,sans-serif;color:#0d0d0d;background-color:transparent;font-weight:400;font-style:normal;font-variant:normal;text-decoration:none;vertical-align:baseline;white-space:pre;white-space:pre-wrap;\">As vagas s\u00e3o limitadas. <\/span><span style=\"font-size:12pt;font-family:Montserrat,sans-serif;color:#0d0d0d;background-color:transparent;font-weight:700;font-style:normal;font-variant:normal;text-decoration:none;vertical-align:baseline;white-space:pre;white-space:pre-wrap;\">Clique no banner abaixo e inscreva-se agora!<\/span><span style=\"font-size:12pt;font-family:Montserrat,sans-serif;color:#0d0d0d;background-color:transparent;font-weight:400;font-style:normal;font-variant:normal;text-decoration:none;vertical-align:baseline;white-space:pre;white-space:pre-wrap;\">\u00a0<\/span><\/p>\n<p dir=\"ltr\" style=\"line-height:1.38;background-color:#ffffff;margin-top:0pt;margin-bottom:0pt;padding:0pt 0pt 8pt 0pt;\"><\/p>\n<p dir=\"ltr\" style=\"line-height:1.38;background-color:#ffffff;margin-top:0pt;margin-bottom:0pt;padding:0pt 0pt 8pt 0pt;\"><a href=\"https:\/\/materiais.altus.com.br\/altus-talks-encerradas\" target=\"_self\" rel=\"noopener nofollow\"><img decoding=\"async\" src=\"https:\/\/www.altus.com.br\/upload\/htmleditor\/whatsapp_image_2024-04-19_at_10_34_43.jpeg\" style=\"width: 900px;\" alt=\"Inscri\u00e7\u00f5es Altus Talks Campinas 2024\" title=\"Inscri\u00e7\u00f5es Altus Talks Campinas 2024\"><\/a><\/p>","protected":false},"excerpt":{"rendered":"<p>novo evento de automa\u00e7\u00e3o industrial<\/p>","protected":false},"author":5,"featured_media":7989,"comment_status":"closed","ping_status":"closed","sticky":false,"template":"","format":"standard","meta":{"footnotes":""},"categories":[64],"tags":[868],"class_list":["post-7988","post","type-post","status-publish","format-standard","has-post-thumbnail","hentry","category-feiras-eventos","tag-monitoramento-remoto-seguro-na-industria"],"acf":[],"_links":{"self":[{"href":"https:\/\/www.altus.com.br\/en\/wp-json\/wp\/v2\/posts\/7988","targetHints":{"allow":["GET"]}}],"collection":[{"href":"https:\/\/www.altus.com.br\/en\/wp-json\/wp\/v2\/posts"}],"about":[{"href":"https:\/\/www.altus.com.br\/en\/wp-json\/wp\/v2\/types\/post"}],"author":[{"embeddable":true,"href":"https:\/\/www.altus.com.br\/en\/wp-json\/wp\/v2\/users\/5"}],"replies":[{"embeddable":true,"href":"https:\/\/www.altus.com.br\/en\/wp-json\/wp\/v2\/comments?post=7988"}],"version-history":[{"count":1,"href":"https:\/\/www.altus.com.br\/en\/wp-json\/wp\/v2\/posts\/7988\/revisions"}],"predecessor-version":[{"id":8353,"href":"https:\/\/www.altus.com.br\/en\/wp-json\/wp\/v2\/posts\/7988\/revisions\/8353"}],"wp:featuredmedia":[{"embeddable":true,"href":"https:\/\/www.altus.com.br\/en\/wp-json\/wp\/v2\/media\/7989"}],"wp:attachment":[{"href":"https:\/\/www.altus.com.br\/en\/wp-json\/wp\/v2\/media?parent=7988"}],"wp:term":[{"taxonomy":"category","embeddable":true,"href":"https:\/\/www.altus.com.br\/en\/wp-json\/wp\/v2\/categories?post=7988"},{"taxonomy":"post_tag","embeddable":true,"href":"https:\/\/www.altus.com.br\/en\/wp-json\/wp\/v2\/tags?post=7988"}],"curies":[{"name":"wp","href":"https:\/\/api.w.org\/{rel}","templated":true}]}}